{"id":150,"date":"2020-12-31T15:38:37","date_gmt":"2020-12-31T14:38:37","guid":{"rendered":"http:\/\/www.smsgl.fr\/wp2\/?p=150"},"modified":"2020-12-31T16:05:15","modified_gmt":"2020-12-31T15:05:15","slug":"activites-de-la-societe-les-temps-forts","status":"publish","type":"post","link":"http:\/\/www.smsgl.fr\/wp2\/activites-de-la-societe-les-temps-forts\/","title":{"rendered":"Activit\u00e9s de la soci\u00e9t\u00e9 : les temps forts"},"content":{"rendered":"\n<p class=\"has-drop-cap\">Diff\u00e9rentes activit\u00e9s, d\u00e9velopp\u00e9es tout au long de l&rsquo;ann\u00e9e, sont propos\u00e9es \u00e0 nos adh\u00e9rents, selon un calendrier d\u00e9fini annuellement : <\/p>\n\n\n\n<p><strong><span style=\"text-decoration: underline;\"><span style=\"color:#0071a1\" class=\"has-inline-color\">Les moments de d\u00e9termination<\/span><\/span><\/strong> : les lundis apr\u00e8s-midi, de 14h00 \u00e0 19h00. Tous les soci\u00e9taires, peuvent participer \u00e0 la d\u00e9termination des champignons r\u00e9colt\u00e9s les jours pr\u00e9c\u00e9dents. Les ouvrages de la biblioth\u00e8que ainsi que le mat\u00e9riel de microscopie et de d\u00e9termination est accessible. Le public est accueilli, et les soci\u00e9taires peuvent aider \u00e0 d\u00e9terminer les r\u00e9coltes des particuliers, contribuant \u00e0 l&rsquo;information sur les esp\u00e8ces comestibles ou dangereuses, le rayonnement de la soci\u00e9t\u00e9, la diffusion de connaissances sur le monde mycologique.<\/p>\n\n\n\n<p>Lors de ces s\u00e9ances, une liste des  esp\u00e8ces d\u00e9termin\u00e9es est constitu\u00e9e. Elle est mise \u00e0 disposition des adh\u00e9rents, ainsi qu&rsquo;\u00e0 la <strong>FMBDS<\/strong> dans le cadre du programme <strong>Mycoflaura<\/strong>, qui recense la pr\u00e9sence d&rsquo;esp\u00e8ces fongiques sur tout le territoire de la r\u00e9gion <strong>Auvergne Rh\u00f4ne-Alpes<\/strong> (voir article correspondant).<\/p>\n\n\n\n<p><strong><span style=\"text-decoration: underline;\"><span style=\"color:#0071a1\" class=\"has-inline-color\">Les sorties mycologiques<\/span><\/span><\/strong> : elles ont lieux les samedis matins, elles sont organis\u00e9es par l&rsquo;atelier territoire. Une dizaine de sorties dans l&rsquo;ann\u00e9e sont pr\u00e9vues, la premi\u00e8re nous transporte g\u00e9n\u00e9ralement dans le Forez, \u00e0 la recherche des premiers champignons de fin d&rsquo;hiver, les hygrophores de mars. Les derni\u00e8res sorties, en novembre, permettent de rechercher toutes sortes de champignons, notamment les trompettes des morts, c\u00e8pes&#8230; Mais ces sorties ont surtout pour vocation, d&rsquo;\u00e9tudier \u00ab\u00a0sur le frais\u00a0\u00bb, c&rsquo;est \u00e0 dire de d\u00e9terminer sur le terrain les esp\u00e8ces vivantes. En m\u00eame temps que la d\u00e9termination des esp\u00e8ces, c&rsquo;est aussi le biotope, le climat, la g\u00e9ologie du terrain qui sont mis en \u00e9vidence, afin d&rsquo;augmenter les connaissances de nos soci\u00e9taires.<\/p>\n\n\n\n<p><strong><span style=\"color:#0071a1\" class=\"has-inline-color\"><span style=\"text-decoration: underline;\">Les week-ends mycologiques<\/span><\/span><\/strong> : chaque ann\u00e9e, deux week-ends sont organis\u00e9s, dans un rayon de 100 \u00e0 250 km de Lyon, afin d&rsquo;explorer d&rsquo;autres territoires, donc d&rsquo;autres biotopes et par cons\u00e9quent d&rsquo;autres esp\u00e8ces. Ils ont lieu g\u00e9n\u00e9ralement en septembre-octobre. C&rsquo;est le moment pour le groupe de soci\u00e9taires (entre 30 et 60 participants) d&rsquo;affiner ses connaissances mycologiques dans une r\u00e9gion pr\u00e9cise, de d\u00e9couvrir ou confirmer la d\u00e9termination d&rsquo;esp\u00e8ces peu \u00e9tudi\u00e9es, et aussi de passer des moments de convivialit\u00e9 entre participants. <\/p>\n\n\n\n<p><strong><span style=\"text-decoration: underline;\"><span style=\"color:#0071a1\" class=\"has-inline-color\">Les conf\u00e9rences mycologiques<\/span><\/span><\/strong> : une dizaine de fois dans l&rsquo;ann\u00e9e, une r\u00e9union des membres de la soci\u00e9t\u00e9 a lieu en g\u00e9n\u00e9ral le dernier vendredi du mois. C&rsquo;est l&rsquo;occasion pour le Bureau de faire un point rapide sur les activit\u00e9s ou \u00e9voquer des sujets d&rsquo;actualit\u00e9, mais surtout de participer \u00e0 une conf\u00e9rence organis\u00e9e soit par l&rsquo;un des membres de la soci\u00e9t\u00e9, soit par un mycologue ou personnalit\u00e9 comp\u00e9tente pour traite d&rsquo;un sujet relatif aux champignons, mais aussi \u00e0 la botanique, \u00e0 la g\u00e9ologie, au biotope&#8230;<\/p>\n\n\n\n<p><span style=\"text-decoration: underline;\"><strong><span style=\"color:#0071a1\" class=\"has-inline-color\">La formation des nouveaux adh\u00e9rents<\/span><\/strong><\/span> : celle-ci est dispens\u00e9e aux futurs soci\u00e9taires qui sont recrut\u00e9s <span style=\"text-decoration: underline;\">tous les deux ans<\/span>, tout au long de l&rsquo;ann\u00e9e, mais surtout lors des expositions organis\u00e9es par notre association. En effet, les nouveaux soci\u00e9taires, en adh\u00e9rant \u00e0 l&rsquo;association, s&rsquo;engagent \u00e0 suivre une formation dispens\u00e9e par nos formateurs environ une fois par mois sur deux ans. A raison d&rsquo;une vingtaine de dates, ils acqui\u00e8rent le bagage scientifique de base pour ma\u00eetriser les principes \u00e9l\u00e9mentaires de la mycologie, de la syst\u00e9matique, de la d\u00e9termination des esp\u00e8ces.   <\/p>\n\n\n\n<p><strong><span style=\"text-decoration: underline;\"><span style=\"color:#0071a1\" class=\"has-inline-color\">Les expositions et interventions<\/span><\/span><\/strong> : Une des vocations prioritaires de notre soci\u00e9t\u00e9 est l&rsquo;information aupr\u00e8s du public des connaissances mycologiques. A ce titre, autant que possible, la soci\u00e9t\u00e9 organise des expositions, soit r\u00e9guli\u00e8res (par exemple \u00e0 St Martin en Haut, pour la foire agricole de fin septembre, ainsi que l&rsquo;exposition dans la galerie du centre commercial Saint Genis 2 mi-octobre), soit ponctuelles (par exemple l&rsquo;exposition mycologique \u00e0 l&rsquo;H\u00f4tel-Dieu dans le cadre de la semaine de la gastronomie en 2018. La soci\u00e9t\u00e9 propose aussi des interventions dans des structures scolaires ou sociales, afin de sensibiliser le jeune public au monde des champignons, et informer sur les risques li\u00e9s aux esp\u00e8ces v\u00e9n\u00e9neuses.<\/p>\n\n\n\n<p><\/p>\n<p>Views: 209<\/p>","protected":false},"excerpt":{"rendered":"<p>Activit\u00e9s propos\u00e9es par les ateliers et le CA de l&rsquo;association : s\u00e9ances de d\u00e9termination, sorties mycologiques, week-ends, expositions, formation&#8230;<\/p>\n","protected":false},"author":1,"featured_media":125,"comment_status":"closed","ping_status":"closed","sticky":false,"template":"","format":"standard","meta":{"advgb_blocks_editor_width":"","advgb_blocks_columns_visual_guide":""},"categories":[9],"tags":[],"author_meta":{"display_name":"fresim","author_link":"http:\/\/www.smsgl.fr\/wp2\/author\/fresim\/"},"featured_img":"http:\/\/www.smsgl.fr\/wp2\/wp-content\/uploads\/2020\/12\/26-cortinarius.subtortus.jpg","coauthors":[],"tax_additional":{"categories":{"linked":["<a href=\"http:\/\/www.smsgl.fr\/wp2\/category\/notre-societe\/\" class=\"advgb-post-tax-term\">Notre soci\u00e9t\u00e9<\/a>"],"unlinked":["<span class=\"advgb-post-tax-term\">Notre soci\u00e9t\u00e9<\/span>"]}},"comment_count":"0","relative_dates":{"created":"Publi\u00e9 5 ans il y a","modified":"Mis \u00e0 jour 5 ans il y a"},"absolute_dates":{"created":"Publi\u00e9 le 31 d\u00e9cembre 2020","modified":"Mise \u00e0 jour le 31 d\u00e9cembre 2020"},"absolute_dates_time":{"created":"Publi\u00e9 le 31 d\u00e9cembre 2020 15h38","modified":"Mise \u00e0 jour le 31 d\u00e9cembre 2020 16h05"},"featured_img_caption":"","series_order":"","publishpress_future_action":{"enabled":false,"date":"2026-05-08 03:21:30","action":"change-status","newStatus":"draft","terms":[],"taxonomy":"category"},"publishpress_future_workflow_manual_trigger":{"enabledWorkflows":[]},"_links":{"self":[{"href":"http:\/\/www.smsgl.fr\/wp2\/wp-json\/wp\/v2\/posts\/150"}],"collection":[{"href":"http:\/\/www.smsgl.fr\/wp2\/wp-json\/wp\/v2\/posts"}],"about":[{"href":"http:\/\/www.smsgl.fr\/wp2\/wp-json\/wp\/v2\/types\/post"}],"author":[{"embeddable":true,"href":"http:\/\/www.smsgl.fr\/wp2\/wp-json\/wp\/v2\/users\/1"}],"replies":[{"embeddable":true,"href":"http:\/\/www.smsgl.fr\/wp2\/wp-json\/wp\/v2\/comments?post=150"}],"version-history":[{"count":3,"href":"http:\/\/www.smsgl.fr\/wp2\/wp-json\/wp\/v2\/posts\/150\/revisions"}],"predecessor-version":[{"id":157,"href":"http:\/\/www.smsgl.fr\/wp2\/wp-json\/wp\/v2\/posts\/150\/revisions\/157"}],"wp:featuredmedia":[{"embeddable":true,"href":"http:\/\/www.smsgl.fr\/wp2\/wp-json\/wp\/v2\/media\/125"}],"wp:attachment":[{"href":"http:\/\/www.smsgl.fr\/wp2\/wp-json\/wp\/v2\/media?parent=150"}],"wp:term":[{"taxonomy":"category","embeddable":true,"href":"http:\/\/www.smsgl.fr\/wp2\/wp-json\/wp\/v2\/categories?post=150"},{"taxonomy":"post_tag","embeddable":true,"href":"http:\/\/www.smsgl.fr\/wp2\/wp-json\/wp\/v2\/tags?post=150"}],"curies":[{"name":"wp","href":"https:\/\/api.w.org\/{rel}","templated":true}]}}